{"id":3257,"date":"2021-11-18T07:55:28","date_gmt":"2021-11-18T10:55:28","guid":{"rendered":"https:\/\/unareceita.org.br\/?p=3257"},"modified":"2022-04-28T09:31:27","modified_gmt":"2022-04-28T12:31:27","slug":"unicarioca-divilga-ofertas-para-os-associados","status":"publish","type":"post","link":"https:\/\/unareceita.org.br\/?p=3257","title":{"rendered":"Unicarioca divulga ofertas para os associados"},"content":{"rendered":"\n<p class=\"wp-block-paragraph\"><em>A Unicarioca pelo 8\u00ba ano consecutivo sendo o melhor Centro Universit\u00e1rio do Rio de Janeiro gostaria de divulgar nossas novas ofertas para voc\u00ea associado UNARECEITA!<\/em><\/p>\n\n\n\n<p class=\"wp-block-paragraph\"><em>E quer saber o melhor?<\/em><\/p>\n\n\n\n<p class=\"wp-block-paragraph\"><em>Temos novos cursos como: Fisioterapia, Est\u00e9tica e Cosm\u00e9tica, Biomedicina, Educa\u00e7\u00e3o F\u00edsica, Gest\u00e3o Comercial, Letras, Hist\u00f3ria, Servi\u00e7o Social e Com\u00e9rcio Exterior<\/em><\/p>\n\n\n\n<p class=\"wp-block-paragraph\"><em>E tamb\u00e9m nova modalidade de ensino Semipresencial.<\/em><\/p>\n\n\n\n<p class=\"wp-block-paragraph\"><em><br><\/em><em>Nossos cursos est\u00e3o com um pre\u00e7o especial.&nbsp;<\/em><em>\ud83e\udd29<\/em><\/p>\n\n\n\n<p class=\"wp-block-paragraph\"><em>Segue abaixo as ofertas at\u00e9 dia 27\/11 para os cursos de gradua\u00e7\u00e3o;<\/em><\/p>\n\n\n\n<p class=\"wp-block-paragraph\">\u00b7&nbsp;&nbsp;&nbsp;&nbsp;&nbsp;&nbsp;&nbsp;&nbsp;&nbsp;<em>Cursos per\u00edodo da manh\u00e3: 75% de desconto no primeiro semestre e 50% de desconto at\u00e9 o final do curso;<\/em><\/p>\n\n\n\n<p class=\"wp-block-paragraph\">\u00b7&nbsp;&nbsp;&nbsp;&nbsp;&nbsp;&nbsp;&nbsp;&nbsp;&nbsp;<em>Cursos per\u00edodo da noite: 75% de desconto no primeiro semestre e 50% de desconto at\u00e9 o final do curso;<\/em><\/p>\n\n\n\n<p class=\"wp-block-paragraph\">\u00b7&nbsp;&nbsp;&nbsp;&nbsp;&nbsp;&nbsp;&nbsp;&nbsp;&nbsp;<em>Transfer\u00eancia Externa presencial: 75% de desconto no primeiro semestre e 50% de desconto at\u00e9 o final do curso;<\/em><\/p>\n\n\n\n<p class=\"wp-block-paragraph\">\u00b7&nbsp;&nbsp;&nbsp;&nbsp;&nbsp;&nbsp;&nbsp;&nbsp;&nbsp;<em>Enem presencial: 75% de desconto no primeiro semestre e 50% de desconto at\u00e9 o final do curso;<\/em><\/p>\n\n\n\n<p class=\"wp-block-paragraph\">\u00b7&nbsp;&nbsp;&nbsp;&nbsp;&nbsp;&nbsp;&nbsp;&nbsp;&nbsp;<em>Reabertura presencial ou EAD: 60% de desconto at\u00e9 o final do curso;<\/em><\/p>\n\n\n\n<p class=\"wp-block-paragraph\">\u00b7&nbsp;&nbsp;&nbsp;&nbsp;&nbsp;&nbsp;&nbsp;&nbsp;&nbsp;<em>2\u00ba gradua\u00e7\u00e3o: 75% de desconto no primeiro semestre e 50% de desconto at\u00e9 o final do curso;<\/em><\/p>\n\n\n\n<p class=\"wp-block-paragraph\">\u00b7&nbsp;&nbsp;&nbsp;&nbsp;&nbsp;&nbsp;&nbsp;&nbsp;&nbsp;<em>Cursos EAD: primeira mensalidade a R$ 49 , ap\u00f3s 75% de desconto no primeiro semestre e 60% de desconto at\u00e9 o final do curso;<\/em><\/p>\n\n\n\n<p class=\"wp-block-paragraph\"><em><br><\/em><em>Essa oportunidade \u00e9 por tempo limitado, ent\u00e3o corra para aproveitar.&nbsp;<\/em><em>\ud83d\udd50<\/em><em><br><\/em><em>Voc\u00ea ainda pode realizar a sua matr\u00edcula sem precisar sair de casa, totalmente on-line!<\/em><\/p>\n\n\n\n<p class=\"wp-block-paragraph\"><em>Ficou com alguma d\u00favida? Envie uma mensagem para nosso WhatsApp clicando nesse link&nbsp;<\/em><a href=\"http:\/\/bit.ly\/whatsposunicarioca\" target=\"_blank\" rel=\"noreferrer noopener\"><em>http:\/\/bit.ly\/whatsposunicarioca<\/em><\/a><\/p>\n","protected":false},"excerpt":{"rendered":"<p>A Unicarioca pelo 8\u00ba ano consecutivo sendo o<\/p>\n","protected":false},"author":7,"featured_media":3262,"comment_status":"closed","ping_status":"open","sticky":false,"template":"","format":"standard","meta":{"colormag_page_container_layout":"default_layout","colormag_page_sidebar_layout":"default_layout","_monsterinsights_skip_tracking":false,"footnotes":""},"categories":[68],"tags":[],"class_list":["post-3257","post","type-post","status-publish","format-standard","has-post-thumbnail","hentry","category-beneficios"],"_links":{"self":[{"href":"https:\/\/unareceita.org.br\/index.php?rest_route=\/wp\/v2\/posts\/3257","targetHints":{"allow":["GET"]}}],"collection":[{"href":"https:\/\/unareceita.org.br\/index.php?rest_route=\/wp\/v2\/posts"}],"about":[{"href":"https:\/\/unareceita.org.br\/index.php?rest_route=\/wp\/v2\/types\/post"}],"author":[{"embeddable":true,"href":"https:\/\/unareceita.org.br\/index.php?rest_route=\/wp\/v2\/users\/7"}],"replies":[{"embeddable":true,"href":"https:\/\/unareceita.org.br\/index.php?rest_route=%2Fwp%2Fv2%2Fcomments&post=3257"}],"version-history":[{"count":3,"href":"https:\/\/unareceita.org.br\/index.php?rest_route=\/wp\/v2\/posts\/3257\/revisions"}],"predecessor-version":[{"id":3458,"href":"https:\/\/unareceita.org.br\/index.php?rest_route=\/wp\/v2\/posts\/3257\/revisions\/3458"}],"wp:featuredmedia":[{"embeddable":true,"href":"https:\/\/unareceita.org.br\/index.php?rest_route=\/wp\/v2\/media\/3262"}],"wp:attachment":[{"href":"https:\/\/unareceita.org.br\/index.php?rest_route=%2Fwp%2Fv2%2Fmedia&parent=3257"}],"wp:term":[{"taxonomy":"category","embeddable":true,"href":"https:\/\/unareceita.org.br\/index.php?rest_route=%2Fwp%2Fv2%2Fcategories&post=3257"},{"taxonomy":"post_tag","embeddable":true,"href":"https:\/\/unareceita.org.br\/index.php?rest_route=%2Fwp%2Fv2%2Ftags&post=3257"}],"curies":[{"name":"wp","href":"https:\/\/api.w.org\/{rel}","templated":true}]}}