{"id":3853,"date":"2023-05-02T05:39:49","date_gmt":"2023-05-02T08:39:49","guid":{"rendered":"https:\/\/unareceita.org.br\/?p=3853"},"modified":"2023-05-02T05:39:50","modified_gmt":"2023-05-02T08:39:50","slug":"decisao-servidor-nao-pode-tomar-posse-em-outro-cargo-inacumulavel-durante-periodo-de-licenca-sem-vencimento","status":"publish","type":"post","link":"https:\/\/unareceita.org.br\/?p=3853","title":{"rendered":"DECIS\u00c3O: Servidor n\u00e3o pode tomar posse em outro cargo inacumul\u00e1vel durante per\u00edodo de licen\u00e7a sem vencimento"},"content":{"rendered":"\n<p class=\"has-text-align-left wp-block-paragraph\">A 6\u00aa Turma do Tribunal Regional Federal da 1\u00aa Regi\u00e3o (TRF1) manteve a senten\u00e7a que garantiu a uma candidata o direito de tomar posse e entrar em exerc\u00edcio no cargo de Especialista em Regula\u00e7\u00e3o e Vigil\u00e2ncia Sanit\u00e1ria, da Ag\u00eancia Nacional de Vigil\u00e2ncia Sanit\u00e1ria (Anvisa). A autora afirmou que se submeteu ao concurso p\u00fablico e foi aprovada, pediu licen\u00e7a sem vencimentos do local da qual j\u00e1 era servidora p\u00fablica, e foi impedida de tomar posse na Anvisa sob o argumento de haver incompatibilidade de ac\u00famulo dos dois cargos p\u00fablicos, conforme a Lei 8.112\/90.<\/p>\n\n\n\n<p class=\"wp-block-paragraph\">De acordo com os autos, a candidata nomeada ocupava cargo na Funda\u00e7\u00e3o Ezequiel Dias, no munic\u00edpio de Belo Horizonte\/MG. Ap\u00f3s a nomea\u00e7\u00e3o na Anvisa, a impetrante solicitou licen\u00e7a sem vencimentos para tratar de interesses particulares pelo prazo de dois anos. Como n\u00e3o conseguiu ser empossada na Anvisa, buscou a Justi\u00e7a, obtendo \u00eaxito na demanda pretendida.<\/p>\n\n\n\n<p class=\"wp-block-paragraph\">Por\u00e9m, o processo chegou ao TRF1 por meio de remessa oficial, instituto do C\u00f3digo de Processo Civil (artigo 496), tamb\u00e9m conhecido como reexame necess\u00e1rio ou duplo grau obrigat\u00f3rio, exige que o juiz encaminhe o processo ao tribunal, havendo ou n\u00e3o apela\u00e7\u00e3o das partes, sempre que a senten\u00e7a for contr\u00e1ria a algum ente p\u00fablico.<\/p>\n\n\n\n<p class=\"wp-block-paragraph\"><strong>Fato consumado<\/strong>&nbsp;&#8211; Ao analisar o caso, o relator, juiz federal convocado Marcelo Albernaz, observou que a senten\u00e7a se baseou em julgado anterior do pr\u00f3prio Ju\u00edzo e em jurisprud\u00eancia do TRF1 e argumentou que: \u201cn\u00e3o existindo remunera\u00e7\u00e3o de um dos cargos p\u00fablicos por for\u00e7a de licen\u00e7a para tratar de interesses particulares, n\u00e3o existe desrespeito \u00e0 norma constitucional\u201d.<\/p>\n\n\n\n<p class=\"wp-block-paragraph\">Por\u00e9m, o magistrado explicou que, de acordo com a jurisprud\u00eancia do Supremo Tribunal Federal (STF), n\u00e3o \u00e9 poss\u00edvel a acumula\u00e7\u00e3o de cargos p\u00fablicos quando o servidor est\u00e1 licenciado de um dos cargos para tratar de interesses particulares e sem remunera\u00e7\u00e3o.<\/p>\n\n\n\n<p class=\"wp-block-paragraph\">No entanto, \u201ca impetrante informou j\u00e1 ter sido exonerada a pedido do cargo originariamente ocupado junto \u00e0 Funda\u00e7\u00e3o Ezequiel Dias (Funed), n\u00e3o mais subsistindo a acumula\u00e7\u00e3o indevida de cargos p\u00fablicos. Logo, a situa\u00e7\u00e3o foi regularizada, devendo-se manter a senten\u00e7a por outros fundamentos (fato consumado)\u201d, afirmou o magistrado. Para ele, tamb\u00e9m \u201cresta afastada a m\u00e1-f\u00e9 da impetrante diante do princ\u00edpio da confian\u00e7a leg\u00edtima.\u201d Assim, julgou que se deve assegurar a ela o exerc\u00edcio da op\u00e7\u00e3o prevista no art. 133 da Lei n. 8.112\/90.<\/p>\n\n\n\n<p class=\"wp-block-paragraph\">O Colegiado acompanhou o voto do relator.<\/p>\n\n\n\n<p class=\"wp-block-paragraph\">ME\/CB<\/p>\n\n\n\n<p class=\"wp-block-paragraph\">Processo: 1001142-17.2015.4.01.3400<\/p>\n\n\n\n<p class=\"wp-block-paragraph\">Data do julgamento: 03\/04\/2023<\/p>\n\n\n\n<p class=\"wp-block-paragraph\">Fonte: Assessoria de Comunica\u00e7\u00e3o Social\/TRF 1<\/p>\n\n\n\n<p class=\"wp-block-paragraph\"><\/p>\n","protected":false},"excerpt":{"rendered":"<p>A 6\u00aa Turma do Tribunal Regional Federal da<\/p>\n","protected":false},"author":7,"featured_media":3855,"comment_status":"closed","ping_status":"open","sticky":false,"template":"","format":"standard","meta":{"colormag_page_container_layout":"default_layout","colormag_page_sidebar_layout":"default_layout","_monsterinsights_skip_tracking":false,"footnotes":""},"categories":[67],"tags":[],"class_list":["post-3853","post","type-post","status-publish","format-standard","has-post-thumbnail","hentry","category-noticias"],"_links":{"self":[{"href":"https:\/\/unareceita.org.br\/index.php?rest_route=\/wp\/v2\/posts\/3853","targetHints":{"allow":["GET"]}}],"collection":[{"href":"https:\/\/unareceita.org.br\/index.php?rest_route=\/wp\/v2\/posts"}],"about":[{"href":"https:\/\/unareceita.org.br\/index.php?rest_route=\/wp\/v2\/types\/post"}],"author":[{"embeddable":true,"href":"https:\/\/unareceita.org.br\/index.php?rest_route=\/wp\/v2\/users\/7"}],"replies":[{"embeddable":true,"href":"https:\/\/unareceita.org.br\/index.php?rest_route=%2Fwp%2Fv2%2Fcomments&post=3853"}],"version-history":[{"count":2,"href":"https:\/\/unareceita.org.br\/index.php?rest_route=\/wp\/v2\/posts\/3853\/revisions"}],"predecessor-version":[{"id":3856,"href":"https:\/\/unareceita.org.br\/index.php?rest_route=\/wp\/v2\/posts\/3853\/revisions\/3856"}],"wp:featuredmedia":[{"embeddable":true,"href":"https:\/\/unareceita.org.br\/index.php?rest_route=\/wp\/v2\/media\/3855"}],"wp:attachment":[{"href":"https:\/\/unareceita.org.br\/index.php?rest_route=%2Fwp%2Fv2%2Fmedia&parent=3853"}],"wp:term":[{"taxonomy":"category","embeddable":true,"href":"https:\/\/unareceita.org.br\/index.php?rest_route=%2Fwp%2Fv2%2Fcategories&post=3853"},{"taxonomy":"post_tag","embeddable":true,"href":"https:\/\/unareceita.org.br\/index.php?rest_route=%2Fwp%2Fv2%2Ftags&post=3853"}],"curies":[{"name":"wp","href":"https:\/\/api.w.org\/{rel}","templated":true}]}}