{"id":3857,"date":"2023-05-02T05:45:37","date_gmt":"2023-05-02T08:45:37","guid":{"rendered":"https:\/\/unareceita.org.br\/?p=3857"},"modified":"2023-05-02T05:45:38","modified_gmt":"2023-05-02T08:45:38","slug":"stj-suspensas-execucoes-de-servidores-do-judiciario-e-do-mp-em-acoes-sobre-incorporacao-de-13","status":"publish","type":"post","link":"https:\/\/unareceita.org.br\/?p=3857","title":{"rendered":"STJ: Suspensas execu\u00e7\u00f5es de servidores do Judici\u00e1rio e do MP em a\u00e7\u00f5es sobre incorpora\u00e7\u00e3o de 13%"},"content":{"rendered":"\n<p class=\"wp-block-paragraph\">Por considerar plaus\u00edveis os argumentos da Uni\u00e3o, e em raz\u00e3o do potencial impacto para os cofres p\u00fablicos, o ministro do Superior Tribunal de Justi\u00e7a (STJ) Herman Benjamin concedeu&nbsp;liminar&nbsp;para suspender todos os cumprimentos de&nbsp;senten\u00e7a&nbsp;originados do julgamento do Tribunal Regional Federal da 1\u00aa Regi\u00e3o (TRF1) que reconheceu o direito \u00e0 incorpora\u00e7\u00e3o de 13,23% na remunera\u00e7\u00e3o dos servidores federais do Judici\u00e1rio e do Minist\u00e9rio P\u00fablico. A&nbsp;liminar&nbsp;tamb\u00e9m ordenou o bloqueio dos precat\u00f3rios e das requisi\u00e7\u00f5es de pequeno valor relacionados a essa incorpora\u00e7\u00e3o.<\/p>\n\n\n\n<p class=\"wp-block-paragraph\">As medidas decorrem da decis\u00e3o do ministro de dar&nbsp;efeito suspensivo&nbsp;ativo ao agravo da Uni\u00e3o contra a decis\u00e3o do TRF1 que n\u00e3o admitiu o&nbsp;recurso especial&nbsp;interposto por ela com o objetivo de reverter o julgamento sobre os 13,23%. No&nbsp;recurso especial&nbsp;(que \u00e9 dirigido ao STJ, mas precisa passar antes pelo ju\u00edzo de admissibilidade no tribunal de origem), a Uni\u00e3o questiona o&nbsp;ac\u00f3rd\u00e3o&nbsp;do TRF1 que n\u00e3o admitiu sua&nbsp;a\u00e7\u00e3o rescis\u00f3ria&nbsp;contra o julgamento favor\u00e1vel \u00e0 incorpora\u00e7\u00e3o.<\/p>\n\n\n\n<p class=\"wp-block-paragraph\">Ao inadmitir a rescis\u00f3ria, o TRF1 entendeu que o julgamento que garantiu a incorpora\u00e7\u00e3o foi proferido com base em entendimento jurisprudencial do pr\u00f3prio STJ, segundo o qual a vantagem pecuni\u00e1ria individual (VPI) teria natureza jur\u00eddica de revis\u00e3o geral anual, de forma que deveria ser estendido aos servidores p\u00fablicos federais o \u00edndice aproximado de 13,23%, decorrente do percentual mais ben\u00e9fico proveniente das Leis 10.697\/2003 e 10.698\/2003.<\/p>\n\n\n\n<p class=\"wp-block-paragraph\">O TRF1 tamb\u00e9m considerou a S\u00famula 343 do Supremo Tribunal Federal (STF), segundo a qual n\u00e3o cabe&nbsp;a\u00e7\u00e3o rescis\u00f3ria&nbsp;por ofensa a disposi\u00e7\u00e3o literal de lei, quando a decis\u00e3o rescindenda for baseada em texto legal de interpreta\u00e7\u00e3o controvertida nos tribunais.<\/p>\n\n\n\n<h2 class=\"wp-block-heading\">Impacto das execu\u00e7\u00f5es pode superar R$ 20 bilh\u00f5es<\/h2>\n\n\n\n<p class=\"wp-block-paragraph\">No pedido de tutela provis\u00f3ria, a Uni\u00e3o alegou que j\u00e1 foram propostos mais de tr\u00eas mil pedidos de cumprimento do&nbsp;ac\u00f3rd\u00e3o&nbsp;do TRF1, cujo impacto pode ultrapassar R$ 20 bilh\u00f5es. A Uni\u00e3o tamb\u00e9m defende a inaplicabilidade da S\u00famula 343 do STF quando a&nbsp;a\u00e7\u00e3o rescis\u00f3ria&nbsp;estiver baseada em ofensa direta a dispositivo da Constitui\u00e7\u00e3o.<\/p>\n\n\n\n<p class=\"wp-block-paragraph\">Uma das raz\u00f5es para o TRF1 inadmitir a pretens\u00e3o da Uni\u00e3o de prosseguir com a&nbsp;a\u00e7\u00e3o rescis\u00f3ria&nbsp;foi o entendimento de que ela teria trazido &#8220;n\u00edtida inova\u00e7\u00e3o na&nbsp;causa de pedir&#8221; ao suscitar o argumento de que o C\u00f3digo de Processo Civil de 2015 passou a prever o cabimento da rescis\u00f3ria quando a&nbsp;senten\u00e7a&nbsp;estiver baseada em aplica\u00e7\u00e3o ou interpreta\u00e7\u00e3o de lei considerada pelo STF incompat\u00edvel com a Constitui\u00e7\u00e3o.&nbsp;<\/p>\n\n\n\n<p class=\"wp-block-paragraph\">Em an\u00e1lise preliminar, o ministro Herman Benjamin destacou que, conforme apontado pela Uni\u00e3o e consoante precedentes do STJ, o cabimento de&nbsp;a\u00e7\u00e3o rescis\u00f3ria&nbsp;tamb\u00e9m \u00e9 mat\u00e9ria de ordem p\u00fablica e, portanto, a quest\u00e3o levantada pela Uni\u00e3o poderia ser analisada at\u00e9 mesmo&nbsp;de of\u00edcio&nbsp;pelo TRF1, n\u00e3o se sustentando o fundamento quanto \u00e0 apontada inova\u00e7\u00e3o na&nbsp;causa de pedir.<\/p>\n\n\n\n<p class=\"wp-block-paragraph\">&#8220;Ademais, o perigo da demora est\u00e1 caracterizado diante do impacto financeiro que o prosseguimento das execu\u00e7\u00f5es poder\u00e1 causar \u00e0 Uni\u00e3o. N\u00e3o por outro motivo, at\u00e9 a&nbsp;prola\u00e7\u00e3o&nbsp;do&nbsp;ac\u00f3rd\u00e3o&nbsp;que inadmitiu a&nbsp;a\u00e7\u00e3o rescis\u00f3ria, produzia efeitos a tutela provis\u00f3ria deferida pelo relator, que determinou o sobrestamento da execu\u00e7\u00e3o&#8221;, concluiu.<\/p>\n\n\n\n<p class=\"wp-block-paragraph\">Al\u00e9m de abrir vista ao Minist\u00e9rio P\u00fablico Federal, o ministro determinou a&nbsp;intima\u00e7\u00e3o&nbsp;do Sindicato dos Servidores do Poder Judici\u00e1rio e do Minist\u00e9rio P\u00fablico da Uni\u00e3o no Distrito Federal (Sindjus-DF) para se manifestar sobre a tutela provis\u00f3ria.<br>Destaques de hoje<\/p>\n\n\n\n<ul class=\"wp-block-list\"><li><a href=\"https:\/\/www.stj.jus.br\/sites\/portalp\/Paginas\/Comunicacao\/Noticias\/2023\/29042023-STJ-assegura-realizacao-de-concurso-para-bombeiro-no-Rio-de-Janeiro-neste-domingo--30-.aspx\">STJ assegura realiza\u00e7\u00e3o de concurso para bombeiro no Rio de Janeiro neste domingo (30)<\/a><\/li><li><a href=\"https:\/\/www.stj.jus.br\/sites\/portalp\/Paginas\/Comunicacao\/Noticias\/2023\/28042023-Suspensas-execucoes-de-servidores-do-Judiciario-e-do-MP-em-acoes-sobre-incorporacao-de-13-.aspx\">Suspensas execu\u00e7\u00f5es de servidores do Judici\u00e1rio e do MP em a\u00e7\u00f5es sobre incorpora\u00e7\u00e3o de 13%<\/a><\/li><li><a href=\"https:\/\/www.stj.jus.br\/sites\/portalp\/Paginas\/Comunicacao\/Noticias\/2023\/28042023-STJ-conclui-fase-de-interrogatorios-em-acao-penal-que-apura-corrupcao-no-Judiciario-do-Espirito-Santo.aspx\">STJ conclui fase de interrogat\u00f3rios em a\u00e7\u00e3o penal que apura corrup\u00e7\u00e3o no Judici\u00e1rio do Esp\u00edrito Santo<\/a><\/li><li><a href=\"https:\/\/www.stj.jus.br\/sites\/portalp\/Paginas\/Comunicacao\/Noticias\/2023\/25042023-STJ-nao-tera-expediente-no-feriado-do-Dia-do-Trabalho.aspx\">STJ n\u00e3o ter\u00e1 expediente no feriado do Dia do Trabalho<\/a><\/li><\/ul>\n\n\n\n<p class=\"wp-block-paragraph\">Esta not\u00edcia refere-se ao(s)\u00a0processo(s):<a class=\"\" href=\"https:\/\/ww2.stj.jus.br\/processo\/pesquisa\/?aplicacao=processos.ea&amp;tipoPesquisa=tipoPesquisaGenerica&amp;termo=TP%204481\">TP 4481<\/a><\/p>\n\n\n\n<p class=\"wp-block-paragraph\">FONTE: STJ<\/p>\n","protected":false},"excerpt":{"rendered":"<p>Por considerar plaus\u00edveis os argumentos da Uni\u00e3o, e<\/p>\n","protected":false},"author":7,"featured_media":3858,"comment_status":"closed","ping_status":"open","sticky":false,"template":"","format":"standard","meta":{"colormag_page_container_layout":"default_layout","colormag_page_sidebar_layout":"default_layout","_monsterinsights_skip_tracking":false,"footnotes":""},"categories":[67],"tags":[],"class_list":["post-3857","post","type-post","status-publish","format-standard","has-post-thumbnail","hentry","category-noticias"],"_links":{"self":[{"href":"https:\/\/unareceita.org.br\/index.php?rest_route=\/wp\/v2\/posts\/3857","targetHints":{"allow":["GET"]}}],"collection":[{"href":"https:\/\/unareceita.org.br\/index.php?rest_route=\/wp\/v2\/posts"}],"about":[{"href":"https:\/\/unareceita.org.br\/index.php?rest_route=\/wp\/v2\/types\/post"}],"author":[{"embeddable":true,"href":"https:\/\/unareceita.org.br\/index.php?rest_route=\/wp\/v2\/users\/7"}],"replies":[{"embeddable":true,"href":"https:\/\/unareceita.org.br\/index.php?rest_route=%2Fwp%2Fv2%2Fcomments&post=3857"}],"version-history":[{"count":1,"href":"https:\/\/unareceita.org.br\/index.php?rest_route=\/wp\/v2\/posts\/3857\/revisions"}],"predecessor-version":[{"id":3859,"href":"https:\/\/unareceita.org.br\/index.php?rest_route=\/wp\/v2\/posts\/3857\/revisions\/3859"}],"wp:featuredmedia":[{"embeddable":true,"href":"https:\/\/unareceita.org.br\/index.php?rest_route=\/wp\/v2\/media\/3858"}],"wp:attachment":[{"href":"https:\/\/unareceita.org.br\/index.php?rest_route=%2Fwp%2Fv2%2Fmedia&parent=3857"}],"wp:term":[{"taxonomy":"category","embeddable":true,"href":"https:\/\/unareceita.org.br\/index.php?rest_route=%2Fwp%2Fv2%2Fcategories&post=3857"},{"taxonomy":"post_tag","embeddable":true,"href":"https:\/\/unareceita.org.br\/index.php?rest_route=%2Fwp%2Fv2%2Ftags&post=3857"}],"curies":[{"name":"wp","href":"https:\/\/api.w.org\/{rel}","templated":true}]}}