{"id":3868,"date":"2023-05-02T06:20:42","date_gmt":"2023-05-02T09:20:42","guid":{"rendered":"https:\/\/unareceita.org.br\/?p=3868"},"modified":"2023-05-02T09:52:25","modified_gmt":"2023-05-02T12:52:25","slug":"validacao-cadastral-obrigatoria-a-agentes-do-executivo-federal-deve-ser-feita-a-partir-de-1o-de-junho","status":"publish","type":"post","link":"https:\/\/unareceita.org.br\/?p=3868","title":{"rendered":"Valida\u00e7\u00e3o cadastral obrigat\u00f3ria a agentes do Executivo Federal deve ser feita a partir de 1\u00ba de junho"},"content":{"rendered":"\n<p class=\"wp-block-paragraph\">A atualiza\u00e7\u00e3o e valida\u00e7\u00e3o dos dados pessoais e funcionais deve ser realizada uma vez por ano, exclusivamente pelo aplicativo SOUGOV.BR; em 2023, o prazo ser\u00e1 entre 1\u00ba de junho e 31 de julho.<\/p>\n\n\n\n<p class=\"wp-block-paragraph\">O Minist\u00e9rio da Gest\u00e3o e da Inova\u00e7\u00e3o em Servi\u00e7os P\u00fablicos (MGI) divulgou nesta sexta-feira (3\/3) o prazo para que agentes p\u00fablicos federais civis realizem a valida\u00e7\u00e3o dos seus dados pessoais e funcionais cadastrados junto \u00e0 Administra\u00e7\u00e3o P\u00fablica Federal. Ser\u00e1&nbsp;entre os dias 1\u00ba de junho e 31 de julho de 2023.&nbsp;<\/p>\n\n\n\n<p class=\"wp-block-paragraph\">O procedimento foi institu\u00eddo pela&nbsp;<a href=\"https:\/\/www.in.gov.br\/en\/web\/dou\/-\/portaria-sgp\/sedgg\/me-n-1.455-de-16-de-fevereiro-de-2022-381099773\">Portaria SGP\/ME n\u00ba 1.455<\/a>, de 2022, que atribuiu car\u00e1ter obrigat\u00f3rio \u00e0 valida\u00e7\u00e3o cadastral, e determinou que seja realizada uma vez por ano, no per\u00edodo de 1\u00ba de mar\u00e7o a 30 de abril, ou sempre que solicitado pela administra\u00e7\u00e3o. Esse prazo, por\u00e9m, foi alterado, excepcionalmente para o ano de 2023, pela&nbsp;<a href=\"https:\/\/www.in.gov.br\/en\/web\/dou\/-\/portaria-segrt\/mgi-n-410-de-2-de-marco-de-2023-467471407\">Portaria n\u00ba 410<\/a>&nbsp;da Secretaria de Gest\u00e3o de Pessoas e Rela\u00e7\u00f5es do Trabalho do MGI, de 2 de mar\u00e7o de 2023.<\/p>\n\n\n\n<p class=\"wp-block-paragraph\">A valida\u00e7\u00e3o cadastral deve ser feita exclusivamente no aplicativo SOUGOV.BR ou na sua&nbsp;<a href=\"http:\/\/www.gov.br\/sougov\">vers\u00e3o web<\/a>. Os agentes p\u00fablicos respons\u00e1veis pela gest\u00e3o de equipes dever\u00e3o validar, tamb\u00e9m entre os dias 1\u00ba de junho e 31 de julho, a composi\u00e7\u00e3o do quadro de pessoal da sua unidade e das chefias subordinadas, caso existam.<\/p>\n\n\n\n<p class=\"wp-block-paragraph\">A norma \u00e9 v\u00e1lida para servidores p\u00fablicos civis efetivos, servidores p\u00fablicos ocupantes de cargo em comiss\u00e3o, empregados p\u00fablicos em exerc\u00edcio em algum \u00f3rg\u00e3o ou entidade da Administra\u00e7\u00e3o P\u00fablica Federal direta, aut\u00e1rquica ou fundacional, contratados tempor\u00e1rios, empregados de empresas estatais dependentes e estagi\u00e1rios. Devem atender \u00e0 norma, inclusive, aqueles que se encontram cedidos, afastados, licenciados ou fora do pa\u00eds.<\/p>\n\n\n\n<p class=\"wp-block-paragraph\">Os dados cadastrais pessoais e funcionais atualizados permitem que o gestor p\u00fablico tenha informa\u00e7\u00f5es qualificadas para tomada de decis\u00e3o e constru\u00e7\u00e3o de pol\u00edticas p\u00fablicas voltadas \u00e0 gest\u00e3o de pessoas na Administra\u00e7\u00e3o P\u00fablica Federal. Al\u00e9m disso, a valida\u00e7\u00e3o melhora a qualidade e utilidade das informa\u00e7\u00f5es de pessoas prestadas \u00e0 sociedade por meio de pain\u00e9is, consultas p\u00fablicas,&nbsp; portais da transpar\u00eancia ou imprensa.&nbsp;<\/p>\n\n\n\n<p class=\"wp-block-paragraph\">Fonte: GOV.BR<\/p>\n","protected":false},"excerpt":{"rendered":"<p>A atualiza\u00e7\u00e3o e valida\u00e7\u00e3o dos dados pessoais e<\/p>\n","protected":false},"author":7,"featured_media":3928,"comment_status":"closed","ping_status":"open","sticky":false,"template":"","format":"standard","meta":{"colormag_page_container_layout":"default_layout","colormag_page_sidebar_layout":"default_layout","_monsterinsights_skip_tracking":false,"footnotes":""},"categories":[67],"tags":[],"class_list":["post-3868","post","type-post","status-publish","format-standard","has-post-thumbnail","hentry","category-noticias"],"_links":{"self":[{"href":"https:\/\/unareceita.org.br\/index.php?rest_route=\/wp\/v2\/posts\/3868","targetHints":{"allow":["GET"]}}],"collection":[{"href":"https:\/\/unareceita.org.br\/index.php?rest_route=\/wp\/v2\/posts"}],"about":[{"href":"https:\/\/unareceita.org.br\/index.php?rest_route=\/wp\/v2\/types\/post"}],"author":[{"embeddable":true,"href":"https:\/\/unareceita.org.br\/index.php?rest_route=\/wp\/v2\/users\/7"}],"replies":[{"embeddable":true,"href":"https:\/\/unareceita.org.br\/index.php?rest_route=%2Fwp%2Fv2%2Fcomments&post=3868"}],"version-history":[{"count":3,"href":"https:\/\/unareceita.org.br\/index.php?rest_route=\/wp\/v2\/posts\/3868\/revisions"}],"predecessor-version":[{"id":3993,"href":"https:\/\/unareceita.org.br\/index.php?rest_route=\/wp\/v2\/posts\/3868\/revisions\/3993"}],"wp:featuredmedia":[{"embeddable":true,"href":"https:\/\/unareceita.org.br\/index.php?rest_route=\/wp\/v2\/media\/3928"}],"wp:attachment":[{"href":"https:\/\/unareceita.org.br\/index.php?rest_route=%2Fwp%2Fv2%2Fmedia&parent=3868"}],"wp:term":[{"taxonomy":"category","embeddable":true,"href":"https:\/\/unareceita.org.br\/index.php?rest_route=%2Fwp%2Fv2%2Fcategories&post=3868"},{"taxonomy":"post_tag","embeddable":true,"href":"https:\/\/unareceita.org.br\/index.php?rest_route=%2Fwp%2Fv2%2Ftags&post=3868"}],"curies":[{"name":"wp","href":"https:\/\/api.w.org\/{rel}","templated":true}]}}