{"id":4302,"date":"2023-06-01T07:38:53","date_gmt":"2023-06-01T10:38:53","guid":{"rendered":"https:\/\/unareceita.org.br\/?p=4302"},"modified":"2026-01-05T07:25:17","modified_gmt":"2026-01-05T10:25:17","slug":"atualizacao-cadastral-obrigatoria-dos-servidores-publicos-federais-tem-inicio-nesta-quinta-feira-1-6","status":"publish","type":"post","link":"https:\/\/unareceita.org.br\/?p=4302","title":{"rendered":"Atualiza\u00e7\u00e3o cadastral obrigat\u00f3ria dos servidores p\u00fablicos federais tem in\u00edcio nesta quinta-feira (1\u00b0\/6)"},"content":{"rendered":"\t\t<div data-elementor-type=\"wp-post\" data-elementor-id=\"4302\" class=\"elementor elementor-4302\">\n\t\t\t\t\t\t<section class=\"elementor-section elementor-top-section elementor-element elementor-element-426e7006 elementor-section-boxed elementor-section-height-default elementor-section-height-default\" data-id=\"426e7006\" data-element_type=\"section\" data-e-type=\"section\">\n\t\t\t\t\t\t<div class=\"elementor-container elementor-column-gap-default\">\n\t\t\t\t\t<div class=\"elementor-column elementor-col-100 elementor-top-column elementor-element elementor-element-5f775529\" data-id=\"5f775529\" data-element_type=\"column\" data-e-type=\"column\">\n\t\t\t<div class=\"elementor-widget-wrap elementor-element-populated\">\n\t\t\t\t\t\t<div class=\"elementor-element elementor-element-6339d06b elementor-widget elementor-widget-text-editor\" data-id=\"6339d06b\" data-element_type=\"widget\" data-e-type=\"widget\" data-widget_type=\"text-editor.default\">\n\t\t\t\t<div class=\"elementor-widget-container\">\n\t\t\t\t\t\t\t\t\t\n<p class=\"wp-block-paragraph\">Atualiza\u00e7\u00e3o cadastral obrigat\u00f3ria dos servidores p\u00fablicos federais tem in\u00edcio nesta quinta-feira (1\u00b0\/6)<\/p>\n\n\n\n<p class=\"wp-block-paragraph\">Valida\u00e7\u00e3o anual dos dados pessoais e funcionais, realizada por meio do aplicativo SOUGOV.BR, \u00e9 fundamental para o governo compreender o perfil do funcionalismo p\u00fablico; em 2023, servidores dever\u00e3o preencher informa\u00e7\u00e3o sobre cor\/ra\u00e7a.<\/p>\n\n\n\n<p class=\"wp-block-paragraph\">Minist\u00e9rio da Gest\u00e3o e da Inova\u00e7\u00e3o em Servi\u00e7os P\u00fablicos (MGI) abrir\u00e1, a partir desta quinta-feira, 1\u00ba de junho, o prazo para atualiza\u00e7\u00e3o cadastral obrigat\u00f3ria dos servidores p\u00fablicos federais. A iniciativa, realizada anualmente, tem por objetivo aprimorar pol\u00edticas p\u00fablicas de gest\u00e3o de pessoas voltadas ao funcionalismo p\u00fablico. Al\u00e9m disso, a atualiza\u00e7\u00e3o dos dados melhora a qualidade e utilidade das informa\u00e7\u00f5es sobre as pessoas, prestadas \u00e0 sociedade por meio de pain\u00e9is, consultas p\u00fablicas, portais da transpar\u00eancia ou imprensa.<\/p>\n\n\n\n<p class=\"wp-block-paragraph\">Veja <a href=\"https:\/\/www.gov.br\/gestao\/pt-br\/assuntos\/noticias\/2023\/maio\/atualizacao-cadastral-obrigatoria-dos-servidores-publicos-federais-tem-inicio-amanha-1-6\" target=\"_blank\" rel=\"noreferrer noopener\"><strong>aqui<\/strong><\/a> a mat\u00e9ria publicada no site Minist\u00e9rio da Gest\u00e3o e da Inova\u00e7\u00e3o em Servi\u00e7os P\u00fablicos.<\/p>\n\t\t\t\t\t\t\t\t<\/div>\n\t\t\t\t<\/div>\n\t\t\t\t\t<\/div>\n\t\t<\/div>\n\t\t\t\t\t<\/div>\n\t\t<\/section>\n\t\t\t\t<\/div>\n\t\t","protected":false},"excerpt":{"rendered":"<p>Atualiza\u00e7\u00e3o cadastral obrigat\u00f3ria dos servidores p\u00fablicos federais tem<\/p>\n","protected":false},"author":7,"featured_media":4357,"comment_status":"closed","ping_status":"open","sticky":false,"template":"","format":"standard","meta":{"colormag_page_container_layout":"default_layout","colormag_page_sidebar_layout":"default_layout","_monsterinsights_skip_tracking":false,"footnotes":""},"categories":[67],"tags":[],"class_list":["post-4302","post","type-post","status-publish","format-standard","has-post-thumbnail","hentry","category-noticias"],"_links":{"self":[{"href":"https:\/\/unareceita.org.br\/index.php?rest_route=\/wp\/v2\/posts\/4302","targetHints":{"allow":["GET"]}}],"collection":[{"href":"https:\/\/unareceita.org.br\/index.php?rest_route=\/wp\/v2\/posts"}],"about":[{"href":"https:\/\/unareceita.org.br\/index.php?rest_route=\/wp\/v2\/types\/post"}],"author":[{"embeddable":true,"href":"https:\/\/unareceita.org.br\/index.php?rest_route=\/wp\/v2\/users\/7"}],"replies":[{"embeddable":true,"href":"https:\/\/unareceita.org.br\/index.php?rest_route=%2Fwp%2Fv2%2Fcomments&post=4302"}],"version-history":[{"count":4,"href":"https:\/\/unareceita.org.br\/index.php?rest_route=\/wp\/v2\/posts\/4302\/revisions"}],"predecessor-version":[{"id":4972,"href":"https:\/\/unareceita.org.br\/index.php?rest_route=\/wp\/v2\/posts\/4302\/revisions\/4972"}],"wp:featuredmedia":[{"embeddable":true,"href":"https:\/\/unareceita.org.br\/index.php?rest_route=\/wp\/v2\/media\/4357"}],"wp:attachment":[{"href":"https:\/\/unareceita.org.br\/index.php?rest_route=%2Fwp%2Fv2%2Fmedia&parent=4302"}],"wp:term":[{"taxonomy":"category","embeddable":true,"href":"https:\/\/unareceita.org.br\/index.php?rest_route=%2Fwp%2Fv2%2Fcategories&post=4302"},{"taxonomy":"post_tag","embeddable":true,"href":"https:\/\/unareceita.org.br\/index.php?rest_route=%2Fwp%2Fv2%2Ftags&post=4302"}],"curies":[{"name":"wp","href":"https:\/\/api.w.org\/{rel}","templated":true}]}}